{"id":9613,"date":"2023-02-27T01:42:51","date_gmt":"2023-02-27T00:42:51","guid":{"rendered":"https:\/\/peruconsult.de\/?p=9613"},"modified":"2023-02-27T02:16:26","modified_gmt":"2023-02-27T01:16:26","slug":"ambiente-en-frankfurt-la-feria-comercial-mas-grande-del-mundo-para-la-vida-y-la-decoracion","status":"publish","type":"post","link":"https:\/\/peruconsult.de\/es\/ambiente-en-frankfurt-la-feria-comercial-mas-grande-del-mundo-para-la-vida-y-la-decoracion\/","title":{"rendered":"Un Stand dif\u00edcil para las empresas familiares peruanas en AMBIENTE en Frankfurt, la feria comercial m\u00e1s grande del mundo para la vida y la decoraci\u00f3n"},"content":{"rendered":"\t\t<div data-elementor-type=\"wp-post\" data-elementor-id=\"9613\" class=\"elementor elementor-9613 elementor-9612\" data-elementor-post-type=\"post\">\n\t\t\t\t\t\t<section class=\"has_eae_slider elementor-section elementor-top-section elementor-element elementor-element-f036399 elementor-section-boxed elementor-section-height-default elementor-section-height-default\" data-eae-slider=\"53393\" data-id=\"f036399\" data-element_type=\"section\">\n\t\t\t\t\t\t<div class=\"elementor-container elementor-column-gap-default\">\n\t\t\t\t\t<div class=\"has_eae_slider elementor-column elementor-col-100 elementor-top-column elementor-element elementor-element-f5970f8\" data-eae-slider=\"95155\" data-id=\"f5970f8\" data-element_type=\"column\">\n\t\t\t<div class=\"elementor-widget-wrap elementor-element-populated\">\n\t\t\t\t\t\t<div class=\"elementor-element elementor-element-3ef59e7 elementor-widget elementor-widget-text-editor\" data-id=\"3ef59e7\" data-element_type=\"widget\" data-widget_type=\"text-editor.default\">\n\t\t\t\t<div class=\"elementor-widget-container\">\n\t\t\t\t\t\t\t\t\t<h3><strong>Un Stand dif\u00edcil para las empresas familiares peruanas en AMBIENTE en Frankfurt, la feria comercial m\u00e1s grande del mundo para la vida y la decoraci\u00f3n<\/strong><\/h3>\n<p><\/p>\n<p>4.460 expositores, 3.791 o el 85% de alrededor de 90 pa\u00edses y en medio 8 empresas familiares de Per\u00fa. Ten\u00edan grandes esperanzas puestas en m\u00e1s de 130.000 visitantes de 167 pa\u00edses, pero el stand no los ayud\u00f3 en su prop\u00f3sito.<\/p>\n<p>La feria comercial Ambiente en Frankfurt puede considerarse<strong> la feria de bienes de consumo m\u00e1s grande del mundo<\/strong>. Expositores de alrededor de 90 pa\u00edses presentaron sus ideas en los pasillos de la feria en Frankfurt. Entre ellos se encontraban 8 empresas familiares de Per\u00fa con sus ideas frescas, productos de alta calidad y dise\u00f1os inusuales.<\/p>\n<p>Los expositores <strong>de Per\u00fa fueron<\/strong> <strong>Mantas &amp; Trenzas de Ayacucho y Mainz, Cindy Valdez de Lima y Berl\u00edn, Allpa de Lima, Raymisa de Lima, Textilalpaca de Arequipa, Sumaq Qara de Ayacucho, Berrocal de Lima, Alpaca Couture de Lima y la Oficina Econ\u00f3mica y Comercial del Peru (PromPer\u00fa) de Hamburgo.<\/strong><\/p>\n<p>Los visitantes del extranjero proced\u00edan en particular de Italia, Reino Unido, Estados Unidos, China, Francia, Pa\u00edses Bajos, Espa\u00f1a, Suiza, Corea del Sur y Turqu\u00eda. Alrededor del 40% de los visitantes quer\u00edan conocer las \u00faltimas tendencias, conocer nuevos productos e iniciar nuevas conexiones comerciales. Por ejemplo, un comprador de EE. UU. visit\u00f3 una empresa familiar peruana para pedir jarrones y otros productos decorativos. Por otro lado, para el 30 % de los visitantes, Ambiente tambi\u00e9n es visto como un medio para mantener las relaciones comerciales existentes y obtener una impresi\u00f3n general.<\/p>\n<p><img fetchpriority=\"high\" decoding=\"async\" class=\"wp-image-9618 size-large alignleft\" src=\"https:\/\/peruconsult.de\/wp-content\/uploads\/2023\/02\/Allpa_Ambiente-819x1024.jpg\" alt=\"\" width=\"819\" height=\"1024\" data-mce-src=\"https:\/\/peruconsult.de\/wp-content\/uploads\/2023\/02\/Allpa_Ambiente-819x1024.jpg\" srcset=\"https:\/\/peruconsult.de\/wp-content\/uploads\/2023\/02\/Allpa_Ambiente-819x1024.jpg 819w, https:\/\/peruconsult.de\/wp-content\/uploads\/2023\/02\/Allpa_Ambiente-240x300.jpg 240w, https:\/\/peruconsult.de\/wp-content\/uploads\/2023\/02\/Allpa_Ambiente-768x960.jpg 768w, https:\/\/peruconsult.de\/wp-content\/uploads\/2023\/02\/Allpa_Ambiente-1229x1536.jpg 1229w, https:\/\/peruconsult.de\/wp-content\/uploads\/2023\/02\/Allpa_Ambiente.jpg 1536w\" sizes=\"(max-width: 819px) 100vw, 819px\" \/><\/p>\n<p>Luego, fueron <strong>principalmente los clientes existentes quienes se acercaron a los expositores peruanos<\/strong>. La ubicaci\u00f3n en el pabell\u00f3n 10 era remota y, adem\u00e1s, en el cuarto piso. Eso no fue lo ideal. Los representantes de la empresa de Per\u00fa muy a menudo ten\u00edan pocos o ning\u00fan visitante a pesar de contar con productos de alta calidad. Hab\u00eda que buscar espec\u00edficamente a las empresas. Aqu\u00ed es donde las actividades tempranas ayudan. Expusieron dos clientes de Ehrsam Per\u00fa-Consult y se han abordado nuevos clientes desde finales de octubre.<\/p>\n<hr>\n<h3><strong>Una selecci\u00f3n de los expositores peruanos:<\/strong><\/h3>\n<h4>Allpa de Lima<\/h4>\n<p>P\u00e1gina web: <a href=\"https:\/\/allpaperu.com\/\" data-mce-href=\"https:\/\/allpaperu.com\/\">https:\/\/allpaperu.com\/<\/a><\/p>\n<p>Como miembro del Word Fair Trade Organisation (Organizaci\u00f3n Mundial de Comercio Justo), Allpa cree y sigue los 10 Principios de Comercio Justo y se dedica a promover la equidad en los artesanos y empleados con los que trabajan para contribuir a un mundo mejor. Nelly Canepa y Mar\u00eda del Carmen de la Fuente, ambas soci\u00f3logas lime\u00f1as, iniciaron este negocio porque amaban la cer\u00e1mica peruana, los textiles y todas las artesan\u00edas de diferentes regiones del Per\u00fa. Despu\u00e9s de tantos a\u00f1os, todav\u00eda tienen la misma pasi\u00f3n por su trabajo, que no se trata solo de dise\u00f1ar objetos hermosos, sino tambi\u00e9n de desarrollar capacidades con su equipo y artesanos.<\/p>\n<hr>\n<h4>Mantas y Trenzas de Ayacucho<\/h4>\n<p>P\u00e1gina web: <a data-mce-href=\"https:\/\/www.mantasytrenzas.pe\/\" href=\"https:\/\/www.mantasytrenzas.pe\/\">https:\/\/www.mantasytrenzas.pe\/<\/a><\/p>\n<p>Mantas y Trenzas se dedica a la elaboraci\u00f3n y comercializaci\u00f3n de productos con apliques bordados artesanalmente sobre tejidos de lana de oveja, alpaca y algod\u00f3n. Es una empresa que se enfoca en la producci\u00f3n de accesorios para el hogar como cojines. Tiene una oficina en Rheinland-Pfalz.<\/p>\n<hr>\n<h4>Raymisa de Lima<\/h4>\n<p>P\u00e1gina web: <a data-mce-href=\"https:\/\/www.raymisa.com\/\" href=\"https:\/\/www.raymisa.com\/\">https:\/\/www.raymisa.com\/<\/a><\/p>\n<p>RAYMISA es una empresa familiar certificada Fairtrade con sede en Lima, Per\u00fa. La empresa fue fundada en 1983 por Theodolinde Kellhammer y Orlando V\u00e1squez Buena\u00f1o.<\/p>\n<p>Todo comenz\u00f3 con una urgente necesidad de responsabilidad social en la d\u00e9cada de 1980, cuando mucha gente del ande escap\u00f3 del cruel terrorismo y se establecieron en Lima. Antes de fundar RAYMISA, Linda y Orlando realizaron varios proyectos sociales y art\u00edsticos para promover el arte popular peruano. Hasta ahora, RAYMISA apoya productos hechos a mano por artesanos peruanos.<\/p>\n<p>Durante m\u00e1s de 30 a\u00f1os, RAYMISA ha estado comercializando una amplia gama de productos: prendas de punto de alta calidad hechas con hilo de alpaca, pero tambi\u00e9n textiles para el hogar y arte popular. Emplean a 25 personas y trabajan en estrecha colaboraci\u00f3n con talleres en todo el Per\u00fa para ayudarlos a comenzar y desarrollar sus productos.<\/p>\n<p>La visi\u00f3n es comercializar productos peruanos de la mejor calidad con identidad. Trabajando con un compromiso de responsabilidad social, protecci\u00f3n del medio ambiente y principios de comercio justo.<\/p>\n<p>Orlando V\u00e1squez Buena\u00f1o naci\u00f3 en Lima, Per\u00fa, en 1953. De ni\u00f1o se enfrent\u00f3 a una ciudad superpoblada y ca\u00f3tica donde la cultura urbana y las tradiciones andinas chocaban.<\/p>\n<p><img decoding=\"async\" class=\"alignnone wp-image-9622 size-large\" src=\"https:\/\/peruconsult.de\/wp-content\/uploads\/2023\/02\/IMG_5276-1024x768.jpg\" alt=\"\" width=\"1024\" height=\"768\" data-mce-src=\"https:\/\/peruconsult.de\/wp-content\/uploads\/2023\/02\/IMG_5276-1024x768.jpg\" srcset=\"https:\/\/peruconsult.de\/wp-content\/uploads\/2023\/02\/IMG_5276-1024x768.jpg 1024w, https:\/\/peruconsult.de\/wp-content\/uploads\/2023\/02\/IMG_5276-300x225.jpg 300w, https:\/\/peruconsult.de\/wp-content\/uploads\/2023\/02\/IMG_5276-768x576.jpg 768w, https:\/\/peruconsult.de\/wp-content\/uploads\/2023\/02\/IMG_5276-1536x1152.jpg 1536w, https:\/\/peruconsult.de\/wp-content\/uploads\/2023\/02\/IMG_5276.jpg 1920w\" sizes=\"(max-width: 1024px) 100vw, 1024px\" \/><\/p>\n<hr>\n<h4><strong>Conclusi\u00f3n:<\/strong><\/h4>\n<h4><strong>AMBIENTE fue un reto para los emprendedores peruanos, debido a que los productos de alta calidad tambi\u00e9n necesitan un entorno adecuado para su presentaci\u00f3n. Desafortunadamente, este no fue el caso en AMBIENTE. Tambi\u00e9n qued\u00f3 demostrado que no estar presente no es una opci\u00f3n. Entonces, la recomendaci\u00f3n es que, para la pr\u00f3xima vez, 3 o 4 meses antes de la feria, hay que dirigirse a los clientes potenciales de manera espec\u00edfica e invitarlos a la feria para una reuni\u00f3n personal. Es decir, se debe estar listo desde octubre, ya que el evento se llevar\u00e1 a cabo nuevamente del 26 al 30 de enero del 2024.<\/strong><\/h4>\n<p><br data-mce-bogus=\"1\"><\/p>\n<p><span style=\"color: #000000; font-weight: 500;\" data-mce-style=\"color: #000000; font-weight: 500;\">Autor: Holger Ehrsam, MBA, fundador de Ehrsam Peru-Consult GmbH<\/span><\/p>\n\t\t\t\t\t\t\t\t<\/div>\n\t\t\t\t<\/div>\n\t\t\t\t<div class=\"elementor-element elementor-element-562f213 elementor-widget elementor-widget-spacer\" data-id=\"562f213\" data-element_type=\"widget\" data-widget_type=\"spacer.default\">\n\t\t\t\t<div class=\"elementor-widget-container\">\n\t\t\t\t\t\t\t<div class=\"elementor-spacer\">\n\t\t\t<div class=\"elementor-spacer-inner\"><\/div>\n\t\t<\/div>\n\t\t\t\t\t\t<\/div>\n\t\t\t\t<\/div>\n\t\t\t\t<div class=\"elementor-element elementor-element-ea2956b elementor-widget elementor-widget-spacer\" data-id=\"ea2956b\" data-element_type=\"widget\" data-widget_type=\"spacer.default\">\n\t\t\t\t<div class=\"elementor-widget-container\">\n\t\t\t\t\t\t\t<div class=\"elementor-spacer\">\n\t\t\t<div class=\"elementor-spacer-inner\"><\/div>\n\t\t<\/div>\n\t\t\t\t\t\t<\/div>\n\t\t\t\t<\/div>\n\t\t\t\t<div class=\"elementor-element elementor-element-e5dcc6d elementor-widget elementor-widget-spacer\" data-id=\"e5dcc6d\" data-element_type=\"widget\" data-widget_type=\"spacer.default\">\n\t\t\t\t<div class=\"elementor-widget-container\">\n\t\t\t\t\t\t\t<div class=\"elementor-spacer\">\n\t\t\t<div class=\"elementor-spacer-inner\"><\/div>\n\t\t<\/div>\n\t\t\t\t\t\t<\/div>\n\t\t\t\t<\/div>\n\t\t\t\t\t<\/div>\n\t\t<\/div>\n\t\t\t\t\t<\/div>\n\t\t<\/section>\n\t\t\t\t<\/div>\n\t\t","protected":false},"excerpt":{"rendered":"<p>Un Stand dif\u00edcil para las empresas familiares peruanas en AMBIENTE en Frankfurt, la feria comercial m\u00e1s grande del mundo para la vida y la decoraci\u00f3n 4.460 expositores, 3.791 o el [&hellip;]<\/p>\n","protected":false},"author":2,"featured_media":9619,"comment_status":"open","ping_status":"open","sticky":false,"template":"","format":"standard","meta":{"footnotes":""},"categories":[126,77,66],"tags":[100,99,127],"class_list":["post-9613","post","type-post","status-publish","format-standard","has-post-thumbnail","hentry","category-moda","category-productos","category-sin-categorizar","tag-alemania","tag-peru-es","tag-sostenibilidad-es"],"_links":{"self":[{"href":"https:\/\/peruconsult.de\/es\/wp-json\/wp\/v2\/posts\/9613","targetHints":{"allow":["GET"]}}],"collection":[{"href":"https:\/\/peruconsult.de\/es\/wp-json\/wp\/v2\/posts"}],"about":[{"href":"https:\/\/peruconsult.de\/es\/wp-json\/wp\/v2\/types\/post"}],"author":[{"embeddable":true,"href":"https:\/\/peruconsult.de\/es\/wp-json\/wp\/v2\/users\/2"}],"replies":[{"embeddable":true,"href":"https:\/\/peruconsult.de\/es\/wp-json\/wp\/v2\/comments?post=9613"}],"version-history":[{"count":15,"href":"https:\/\/peruconsult.de\/es\/wp-json\/wp\/v2\/posts\/9613\/revisions"}],"predecessor-version":[{"id":9921,"href":"https:\/\/peruconsult.de\/es\/wp-json\/wp\/v2\/posts\/9613\/revisions\/9921"}],"wp:featuredmedia":[{"embeddable":true,"href":"https:\/\/peruconsult.de\/es\/wp-json\/wp\/v2\/media\/9619"}],"wp:attachment":[{"href":"https:\/\/peruconsult.de\/es\/wp-json\/wp\/v2\/media?parent=9613"}],"wp:term":[{"taxonomy":"category","embeddable":true,"href":"https:\/\/peruconsult.de\/es\/wp-json\/wp\/v2\/categories?post=9613"},{"taxonomy":"post_tag","embeddable":true,"href":"https:\/\/peruconsult.de\/es\/wp-json\/wp\/v2\/tags?post=9613"}],"curies":[{"name":"wp","href":"https:\/\/api.w.org\/{rel}","templated":true}]}}