{"id":13563,"date":"2026-01-23T16:00:00","date_gmt":"2026-01-23T15:00:00","guid":{"rendered":"https:\/\/peruconsult.de\/?p=13563"},"modified":"2026-02-20T23:20:11","modified_gmt":"2026-02-20T22:20:11","slug":"de-la-autoimagen-a-la-imagen-de-marca-midiendo-la-percepcion-externa","status":"publish","type":"post","link":"https:\/\/peruconsult.de\/es\/de-la-autoimagen-a-la-imagen-de-marca-midiendo-la-percepcion-externa\/","title":{"rendered":"De la Autoimagen a la Imagen de Marca \u2013 Midiendo la Percepci\u00f3n Externa"},"content":{"rendered":"\t\t<div data-elementor-type=\"wp-post\" data-elementor-id=\"13563\" class=\"elementor elementor-13563 elementor-13562\" data-elementor-post-type=\"post\">\n\t\t\t\t\t\t<section class=\"has_eae_slider elementor-section elementor-top-section elementor-element elementor-element-f036399 elementor-section-boxed elementor-section-height-default elementor-section-height-default\" data-eae-slider=\"76560\" data-id=\"f036399\" data-element_type=\"section\">\n\t\t\t\t\t\t<div class=\"elementor-container elementor-column-gap-default\">\n\t\t\t\t\t<div class=\"has_eae_slider elementor-column elementor-col-100 elementor-top-column elementor-element elementor-element-f5970f8\" data-eae-slider=\"15894\" data-id=\"f5970f8\" data-element_type=\"column\">\n\t\t\t<div class=\"elementor-widget-wrap elementor-element-populated\">\n\t\t\t\t\t\t<div class=\"elementor-element elementor-element-3ef59e7 elementor-widget__width-initial elementor-widget elementor-widget-text-editor\" data-id=\"3ef59e7\" data-element_type=\"widget\" data-widget_type=\"text-editor.default\">\n\t\t\t\t<div class=\"elementor-widget-container\">\n\t\t\t\t\t\t\t\t\t<div class=\"xdj266r x11i5rnm xat24cr x1mh8g0r x1vvkbs x126k92a\"><h3><strong>De la Autoimagen al Imagen de Marca \u2013 Midiendo la Percepci\u00f3n Externa<\/strong><\/h3><p>\u00a0<\/p><h5><strong>Introducci\u00f3n<\/strong><\/h5><p>Una marca no existe \u00fanicamente a trav\u00e9s de lo que una empresa comunica sobre s\u00ed misma, sino sobre todo por lo que los clientes perciben. Esa percepci\u00f3n externa, conocida como <strong>imagen de marca<\/strong>, es el reflejo del impacto real que la marca tiene en el mercado. Para los emprendedores, comprender c\u00f3mo se forma esta \u201cimagen externa\u201d es fundamental para construir confianza y lealtad.<\/p><p>\u00a0<\/p><h5><strong>\u00bfQu\u00e9 es la imagen de marca?<\/strong><\/h5><p>La imagen de marca es el conjunto de asociaciones, sentimientos y pensamientos que los consumidores vinculan con una marca. Mientras que la identidad representa la autoimagen interna (lo que la empresa quiere proyectar), la imagen forma el reflejo en el mercado (c\u00f3mo es percibida realmente). El \u00e9xito se alcanza cuando ambas perspectivas logran alinearse.<\/p><p><img fetchpriority=\"high\" decoding=\"async\" class=\" wp-image-13595 aligncenter\" src=\"https:\/\/peruconsult.de\/wp-content\/uploads\/2026\/01\/Imagen-de-marca-1.jpg\" alt=\"\" width=\"541\" height=\"360\" srcset=\"https:\/\/peruconsult.de\/wp-content\/uploads\/2026\/01\/Imagen-de-marca-1.jpg 1536w, https:\/\/peruconsult.de\/wp-content\/uploads\/2026\/01\/Imagen-de-marca-1-300x200.jpg 300w, https:\/\/peruconsult.de\/wp-content\/uploads\/2026\/01\/Imagen-de-marca-1-1024x683.jpg 1024w, https:\/\/peruconsult.de\/wp-content\/uploads\/2026\/01\/Imagen-de-marca-1-768x512.jpg 768w\" sizes=\"(max-width: 541px) 100vw, 541px\" \/><\/p><p style=\"text-align: center;\">Imagen creada con IA<\/p><h5>\u00a0<\/h5><h5><strong>El papel de las emociones<\/strong><\/h5><p>La construcci\u00f3n de la imagen de marca no depende solo de aspectos racionales, como datos o beneficios funcionales. Las emociones cumplen un rol decisivo:<\/p><ul><li><strong>Tonalidad de la marca:<\/strong> personalidad, estilo de comunicaci\u00f3n y lenguaje.<\/li><li><strong>Relaci\u00f3n con el cliente:<\/strong> cercan\u00eda, confianza e interacci\u00f3n constante.<\/li><li><strong>Experiencias vividas:<\/strong> tanto conscientes como inconscientes, que fortalecen el v\u00ednculo con la marca.<\/li><\/ul><p>Estos factores generan un <strong>beneficio psicosocial<\/strong>: pertenencia, disfrute, orgullo o mayor autoestima, que van m\u00e1s all\u00e1 de la utilidad pr\u00e1ctica del producto o servicio.<\/p><p>\u00a0<\/p><h5><strong>Medici\u00f3n de la percepci\u00f3n externa<\/strong><\/h5><p>Los emprendedores deben evaluar peri\u00f3dicamente c\u00f3mo es percibida su marca en el mercado. Algunas herramientas son:<\/p><ul><li>Encuestas a clientes.<\/li><li>Revisi\u00f3n de comentarios en redes sociales.<\/li><li>An\u00e1lisis de rese\u00f1as y valoraciones online.<\/li><\/ul><p>Esto permite identificar posibles brechas entre la identidad deseada y la imagen real que se proyecta.<\/p><p><img decoding=\"async\" class=\"alignnone size-full wp-image-13573\" src=\"https:\/\/peruconsult.de\/wp-content\/uploads\/2026\/01\/Imagen-de-marca-2.2.jpg\" alt=\"\" width=\"1536\" height=\"765\" srcset=\"https:\/\/peruconsult.de\/wp-content\/uploads\/2026\/01\/Imagen-de-marca-2.2.jpg 1536w, https:\/\/peruconsult.de\/wp-content\/uploads\/2026\/01\/Imagen-de-marca-2.2-300x149.jpg 300w, https:\/\/peruconsult.de\/wp-content\/uploads\/2026\/01\/Imagen-de-marca-2.2-1024x510.jpg 1024w, https:\/\/peruconsult.de\/wp-content\/uploads\/2026\/01\/Imagen-de-marca-2.2-768x383.jpg 768w\" sizes=\"(max-width: 1536px) 100vw, 1536px\" \/><\/p><p style=\"text-align: center;\">Imagen creada con IA<\/p><h5>\u00a0<\/h5><h5><strong>Conclusi\u00f3n<\/strong><\/h5><p>La imagen de marca es el resultado de la interacci\u00f3n constante entre lo que una empresa quiere ser y lo que los consumidores perciben. Medir y gestionar esta percepci\u00f3n externa permite a los emprendedores asegurar que su marca no solo se defina desde dentro, sino que tambi\u00e9n se viva y se reconozca desde fuera. Una <strong>imagen de marca s\u00f3lida<\/strong> se convierte en la base de la confianza, la fidelidad y el \u00e9xito sostenido.<\/p><\/div><div class=\"x11i5rnm xat24cr x1mh8g0r x1vvkbs xtlvy1s x126k92a\"><div dir=\"auto\">\u00a0<\/div><\/div><div class=\"x11i5rnm xat24cr x1mh8g0r x1vvkbs xtlvy1s x126k92a\"><p>\u00a0<\/p><p>Escrito por M\u00f3nica Valc\u00e1rcel<\/p><p>Fuente: Trabajo de seminario de Holger Ehrsam<\/p><p>Imagen de portada creada con IA<\/p><\/div>\t\t\t\t\t\t\t\t<\/div>\n\t\t\t\t<\/div>\n\t\t\t\t<div class=\"elementor-element elementor-element-e5dcc6d elementor-widget elementor-widget-spacer\" data-id=\"e5dcc6d\" data-element_type=\"widget\" data-widget_type=\"spacer.default\">\n\t\t\t\t<div class=\"elementor-widget-container\">\n\t\t\t\t\t\t\t<div class=\"elementor-spacer\">\n\t\t\t<div class=\"elementor-spacer-inner\"><\/div>\n\t\t<\/div>\n\t\t\t\t\t\t<\/div>\n\t\t\t\t<\/div>\n\t\t\t\t<div class=\"elementor-element elementor-element-562f213 elementor-widget elementor-widget-spacer\" data-id=\"562f213\" data-element_type=\"widget\" data-widget_type=\"spacer.default\">\n\t\t\t\t<div class=\"elementor-widget-container\">\n\t\t\t\t\t\t\t<div class=\"elementor-spacer\">\n\t\t\t<div class=\"elementor-spacer-inner\"><\/div>\n\t\t<\/div>\n\t\t\t\t\t\t<\/div>\n\t\t\t\t<\/div>\n\t\t\t\t<div class=\"elementor-element elementor-element-ea2956b elementor-widget elementor-widget-spacer\" data-id=\"ea2956b\" data-element_type=\"widget\" data-widget_type=\"spacer.default\">\n\t\t\t\t<div class=\"elementor-widget-container\">\n\t\t\t\t\t\t\t<div class=\"elementor-spacer\">\n\t\t\t<div class=\"elementor-spacer-inner\"><\/div>\n\t\t<\/div>\n\t\t\t\t\t\t<\/div>\n\t\t\t\t<\/div>\n\t\t\t\t\t<\/div>\n\t\t<\/div>\n\t\t\t\t\t<\/div>\n\t\t<\/section>\n\t\t\t\t<\/div>\n\t\t","protected":false},"excerpt":{"rendered":"<p>De la Autoimagen al Imagen de Marca \u2013 Midiendo la Percepci\u00f3n Externa \u00a0 Introducci\u00f3n Una marca no existe \u00fanicamente a trav\u00e9s de lo que una empresa comunica sobre s\u00ed misma, [&hellip;]<\/p>\n","protected":false},"author":2,"featured_media":13566,"comment_status":"closed","ping_status":"open","sticky":false,"template":"","format":"standard","meta":{"footnotes":""},"categories":[105,140,102,111,80],"tags":[100,132,99],"class_list":["post-13563","post","type-post","status-publish","format-standard","has-post-thumbnail","hentry","category-aprendizaje","category-aprendizaje-es","category-clientes","category-economia","category-empresas","tag-alemania","tag-emprendedores","tag-peru-es"],"_links":{"self":[{"href":"https:\/\/peruconsult.de\/es\/wp-json\/wp\/v2\/posts\/13563","targetHints":{"allow":["GET"]}}],"collection":[{"href":"https:\/\/peruconsult.de\/es\/wp-json\/wp\/v2\/posts"}],"about":[{"href":"https:\/\/peruconsult.de\/es\/wp-json\/wp\/v2\/types\/post"}],"author":[{"embeddable":true,"href":"https:\/\/peruconsult.de\/es\/wp-json\/wp\/v2\/users\/2"}],"replies":[{"embeddable":true,"href":"https:\/\/peruconsult.de\/es\/wp-json\/wp\/v2\/comments?post=13563"}],"version-history":[{"count":20,"href":"https:\/\/peruconsult.de\/es\/wp-json\/wp\/v2\/posts\/13563\/revisions"}],"predecessor-version":[{"id":13663,"href":"https:\/\/peruconsult.de\/es\/wp-json\/wp\/v2\/posts\/13563\/revisions\/13663"}],"wp:featuredmedia":[{"embeddable":true,"href":"https:\/\/peruconsult.de\/es\/wp-json\/wp\/v2\/media\/13566"}],"wp:attachment":[{"href":"https:\/\/peruconsult.de\/es\/wp-json\/wp\/v2\/media?parent=13563"}],"wp:term":[{"taxonomy":"category","embeddable":true,"href":"https:\/\/peruconsult.de\/es\/wp-json\/wp\/v2\/categories?post=13563"},{"taxonomy":"post_tag","embeddable":true,"href":"https:\/\/peruconsult.de\/es\/wp-json\/wp\/v2\/tags?post=13563"}],"curies":[{"name":"wp","href":"https:\/\/api.w.org\/{rel}","templated":true}]}}